{"id":438,"date":"2009-09-06T23:33:25","date_gmt":"2009-09-06T21:33:25","guid":{"rendered":"http:\/\/ngc1997.fr\/Astrophotographie\/?p=438"},"modified":"2009-09-06T23:33:25","modified_gmt":"2009-09-06T21:33:25","slug":"rce-2006","status":"publish","type":"post","link":"http:\/\/ngc1997.fr\/Astrophotographie\/archives\/438","title":{"rendered":"RCE 2006"},"content":{"rendered":"<p>Quelques photos des RCE (Les Rencontres du ciel et de l&rsquo;espace) de 2006 \u00e0 Paris.<\/p>\n<p style=\"text-align: center;\">\n<div id=\"attachment_440\" style=\"width: 112px\" class=\"wp-caption aligncenter\"><a href=\"http:\/\/ngc1997.fr\/Astrophotographie\/album-photo\/rencontres-astronomiques\/rce_2006\"><img data-recalc-dims=\"1\" loading=\"lazy\" decoding=\"async\" aria-describedby=\"caption-attachment-440\" data-attachment-id=\"440\" data-permalink=\"http:\/\/ngc1997.fr\/Astrophotographie\/album-photo\/rencontres-astronomiques\/rce_2006_13\" data-orig-file=\"https:\/\/i0.wp.com\/ngc1997.fr\/Astrophotographie\/wp-content\/uploads\/2009\/09\/RCE_2006_13.jpg?fit=576%2C768\" data-orig-size=\"576,768\" data-comments-opened=\"1\" data-image-meta=\"{&quot;aperture&quot;:&quot;0&quot;,&quot;credit&quot;:&quot;&quot;,&quot;camera&quot;:&quot;&quot;,&quot;caption&quot;:&quot;&quot;,&quot;created_timestamp&quot;:&quot;0&quot;,&quot;copyright&quot;:&quot;LMariey&quot;,&quot;focal_length&quot;:&quot;0&quot;,&quot;iso&quot;:&quot;0&quot;,&quot;shutter_speed&quot;:&quot;0&quot;,&quot;title&quot;:&quot;&quot;}\" data-image-title=\"RCE_2006_13\" data-image-description=\"&lt;p&gt;RCE_2006&lt;\/p&gt;\n\" data-image-caption=\"&lt;p&gt;RCE_2006&lt;\/p&gt;\n\" data-medium-file=\"https:\/\/i0.wp.com\/ngc1997.fr\/Astrophotographie\/wp-content\/uploads\/2009\/09\/RCE_2006_13.jpg?fit=225%2C300\" data-large-file=\"https:\/\/i0.wp.com\/ngc1997.fr\/Astrophotographie\/wp-content\/uploads\/2009\/09\/RCE_2006_13.jpg?fit=576%2C768\" class=\"size-thumbnail wp-image-440 \" title=\"RCE_2006_13\" src=\"https:\/\/i0.wp.com\/ngc1997.fr\/Astrophotographie\/wp-content\/uploads\/2009\/09\/RCE_2006_13.jpg?resize=112%2C150\" alt=\"RCE_2006\" width=\"112\" height=\"150\" srcset=\"https:\/\/i0.wp.com\/ngc1997.fr\/Astrophotographie\/wp-content\/uploads\/2009\/09\/RCE_2006_13.jpg?resize=112%2C150 112w, https:\/\/i0.wp.com\/ngc1997.fr\/Astrophotographie\/wp-content\/uploads\/2009\/09\/RCE_2006_13.jpg?resize=225%2C300 225w, https:\/\/i0.wp.com\/ngc1997.fr\/Astrophotographie\/wp-content\/uploads\/2009\/09\/RCE_2006_13.jpg?w=576 576w\" sizes=\"(max-width: 112px) 100vw, 112px\" \/><\/a><p id=\"caption-attachment-440\" class=\"wp-caption-text\">RCE_2006<\/p><\/div>\n<p style=\"text-align: center;\">(Cliquer sur l&rsquo;image pour acc\u00e9der aux photos)<\/p>\n<p style=\"text-align: left;\">Les RCE se tiennent tous les deux ans \u00e0 Paris, cette ann\u00e9e\u00a0 c&rsquo;est le salon <a href=\"http:\/\/www.afanet.fr\/explorespace\/Default.aspx\" target=\"_blank\">Explor&rsquo;espace<\/a> qui aura lieu \u00e0 Mandelieu-La Napoule (06).<\/p>\n<p style=\"text-align: center;\">\n","protected":false},"excerpt":{"rendered":"<p>Quelques photos des RCE (Les Rencontres du ciel et de l&rsquo;espace) de 2006 \u00e0 Paris. (Cliquer sur l&rsquo;image pour acc\u00e9der aux photos) Les RCE se tiennent tous les deux ans \u00e0 Paris, cette ann\u00e9e\u00a0 c&rsquo;est le salon Explor&rsquo;espace qui aura lieu \u00e0 Mandelieu-La Napoule (06).<\/p>\n","protected":false},"author":2,"featured_media":0,"comment_status":"open","ping_status":"open","sticky":false,"template":"","format":"standard","meta":{"ngg_post_thumbnail":0,"jetpack_post_was_ever_published":false,"_jetpack_newsletter_access":"","_jetpack_dont_email_post_to_subs":false,"_jetpack_newsletter_tier_id":0,"_jetpack_memberships_contains_paywalled_content":false,"_jetpack_memberships_contains_paid_content":false,"footnotes":"","jetpack_publicize_message":"","jetpack_publicize_feature_enabled":true,"jetpack_social_post_already_shared":false,"jetpack_social_options":{"image_generator_settings":{"template":"highway","enabled":false},"version":2}},"categories":[3,5],"tags":[7,109,88,89],"class_list":["post-438","post","type-post","status-publish","format-standard","hentry","category-images","category-materiel","tag-astronomie","tag-materiel","tag-sorties","tag-visites","item-wrap"],"jetpack_publicize_connections":[],"jetpack_featured_media_url":"","jetpack_sharing_enabled":true,"jetpack_shortlink":"https:\/\/wp.me\/p9djkl-74","jetpack_likes_enabled":true,"jetpack-related-posts":[],"_links":{"self":[{"href":"http:\/\/ngc1997.fr\/Astrophotographie\/wp-json\/wp\/v2\/posts\/438"}],"collection":[{"href":"http:\/\/ngc1997.fr\/Astrophotographie\/wp-json\/wp\/v2\/posts"}],"about":[{"href":"http:\/\/ngc1997.fr\/Astrophotographie\/wp-json\/wp\/v2\/types\/post"}],"author":[{"embeddable":true,"href":"http:\/\/ngc1997.fr\/Astrophotographie\/wp-json\/wp\/v2\/users\/2"}],"replies":[{"embeddable":true,"href":"http:\/\/ngc1997.fr\/Astrophotographie\/wp-json\/wp\/v2\/comments?post=438"}],"version-history":[{"count":0,"href":"http:\/\/ngc1997.fr\/Astrophotographie\/wp-json\/wp\/v2\/posts\/438\/revisions"}],"wp:attachment":[{"href":"http:\/\/ngc1997.fr\/Astrophotographie\/wp-json\/wp\/v2\/media?parent=438"}],"wp:term":[{"taxonomy":"category","embeddable":true,"href":"http:\/\/ngc1997.fr\/Astrophotographie\/wp-json\/wp\/v2\/categories?post=438"},{"taxonomy":"post_tag","embeddable":true,"href":"http:\/\/ngc1997.fr\/Astrophotographie\/wp-json\/wp\/v2\/tags?post=438"}],"curies":[{"name":"wp","href":"https:\/\/api.w.org\/{rel}","templated":true}]}}